{"id":372,"date":"2021-02-09T21:53:48","date_gmt":"2021-02-10T02:53:48","guid":{"rendered":"https:\/\/elcubanoamericano.wordpress.com\/?p=372"},"modified":"2021-02-09T21:53:48","modified_gmt":"2021-02-10T02:53:48","slug":"sera-posible-probar-que-trump-provoco-una-insurreccion","status":"publish","type":"post","link":"https:\/\/elcubanoamericano.com\/index.php\/2021\/02\/09\/sera-posible-probar-que-trump-provoco-una-insurreccion\/","title":{"rendered":"\u00bfSERA POSIBLE PROBAR QUE TRUMP PROVOC\u00d3 UNA INSURRECCI\u00d3N?"},"content":{"rendered":"\n<figure class=\"wp-block-image size-large\"><img decoding=\"async\" src=\"https:\/\/www.publico.es\/uploads\/2021\/01\/07\/5ff643aa6cbae.jpeg\" alt=\"\" \/><\/figure>\n\n\n\n<hr class=\"wp-block-separator\" \/>\n\n\n\n<p style=\"font-size:17px;line-height:.1;\">By: Mikel Hernandez<\/p>\n\n\n\n<p class=\"has-text-align-justify\">Los dem\u00f3cratas en el senado est\u00e1n empa\u00f1ados en enjuiciar al expresidente Donal J. Trump. Los fiscales acusadores quieren demostrar que Donald Trump incit\u00f3 los disturbios en el Capitolio del 6 de enero con un video dram\u00e1tico que expone escenas ca\u00f3ticas de la insurrecci\u00f3n con los comentarios del expresidente.<\/p>\n\n\n\n<p class=\"has-text-align-justify\">Un a\u00f1o despu\u00e9s de su primer juicio pol\u00edtico, Trump se encuentra en medio de un segundo juicio sin precedentes historicos y sin base legal. El juicio comienzo hoy martes en el Senado.<\/p>\n\n\n\n<p class=\"has-text-align-justify\">Tratando de encender la candela y crear la impresi\u00f3n de una historia aterradora solo vista en la mente de productores de Hollywood, el dem\u00f3crata Jamie Raskin le ofreci\u00f3 un adelanto del juicio en una entrevista con el New York Times publicada el domingo. &#8220;La historia de las acciones del presidente es fascinante y aterradora&#8221;, dijo Raskin. &#8220;Creemos que todo estadounidense debe estar al tanto de lo que sucedi\u00f3, que la raz\u00f3n por la que fue acusado por la C\u00e1mara y la raz\u00f3n por la que debe ser condenado y descalificado para ocupar un cargo federal futuro es para asegurarse de que tal ataque a nuestra democracia y Constituci\u00f3n nunca sucede de nuevo. &#8220;<\/p>\n\n\n\n<p class=\"has-text-align-justify\">Se espera que los fiscales se concentren en un video que el peri\u00f3dico compar\u00f3 con una &#8216;pel\u00edcula de acci\u00f3n de gran \u00e9xito&#8217;, uniendo clips de la insurrecci\u00f3n con los comentarios que hizo Trump mientras se desarrollaba la violencia.<\/p>\n\n\n\n<p class=\"has-text-align-justify\">En lugar de confiar en el testimonio de testigos para defender su caso, como ha sido la norma en juicios de acusaci\u00f3n anteriores, Raskin y sus ocho colegas que componen la acusaci\u00f3n est\u00e1n adoptando un enfoque creativo, dijeron al Times seis fuentes conocedoras de los planes dem\u00f3cratas.<\/p>\n\n\n\n<p class=\"has-text-align-justify\">El objetivo del video es recordar a los legisladores, como AOC, el miedo que sintieron cuando fueron llevados a un lugar seguro cuando cientos de partidarios de Trump violaron el Capitolio.<\/p>\n\n\n\n<figure class=\"wp-block-image size-large\"><img decoding=\"async\" src=\"https:\/\/cdn.newspunch.com\/wp-content\/uploads\/2020\/11\/g7m9vvb6jgd51-1200x630-cropped.png\" alt=\"\" \/><\/figure>\n\n\n\n<p class=\"has-text-align-justify\">Los fiscales acusan a Trump de &#8220;crear un barril de p\u00f3lvora, encender una cerilla y luego buscar una ventaja personal del caos resultante.&#8221;<\/p>\n\n\n\n<p class=\"has-text-align-justify\">La defensa se enfoca en dos puntos importantes: (1) que el juicio es &#8216;discutible&#8217; porque Trump no puede ser destituido de un cargo que ya no ocupa, y que su ret\u00f3rica que arroja dudas sobre los resultados de las elecciones y sus explosivos comentarios del 6 de enero equival\u00edan a un discurso protegido por la constituci\u00f3n.<\/p>\n\n\n\n<p class=\"has-text-align-justify\">La probabilidad real de condena es baja, porque requerir\u00eda que 17 republicanos rompiendo filas se unieran a los 48 dem\u00f3cratas y dos independientes para encontrar culpable a Trump.<\/p>\n\n\n\n<p class=\"has-text-align-justify\">El primer juicio, en el que Trump fue absuelto de los cargos de abuso de poder al presionar a Ucrania para que investigara al ahora presidente Joe Biden, fue dirigido por el mismo representante que hoy asesora a los dem\u00f3cratas, Adam Schiff (D &#8211; California). Sin embargo, una vez m\u00e1s, no tienen pruebas contundentes que justifiquen un juicio de destituci\u00f3n.<\/p>\n\n\n\n<p class=\"has-text-align-justify\">Es imposible lograr enjuiciar al presidente Trump, por las razones explicadas anteriormente y por muchas otras razones. Toda una gran farsa pol\u00edtica para enjuiciar a un presidente que ya no es presidente y se desempe\u00f1a como un civil m\u00e1s de este pa\u00eds. Solo, otra de las farsas dem\u00f3cratas para obtener influenciar la opini\u00f3n de las masas.<\/p>\n\n\n\n<p><\/p>\n","protected":false},"excerpt":{"rendered":"<p>By: Mikel Hernandez Los dem\u00f3cratas en el senado est\u00e1n empa\u00f1ados en enjuiciar al expresidente Donal J. Trump. Los fiscales acusadores quieren demostrar que Donald Trump incit\u00f3 los disturbios en el Capitolio del 6 de enero con un video dram\u00e1tico que expone escenas ca\u00f3ticas de la insurrecci\u00f3n con los comentarios del expresidente. Un a\u00f1o despu\u00e9s de [&hellip;]<\/p>\n","protected":false},"author":1,"featured_media":0,"comment_status":"open","ping_status":"open","sticky":false,"template":"","format":"standard","meta":{"footnotes":""},"categories":[3],"tags":[],"class_list":["post-372","post","type-post","status-publish","format-standard","hentry","category-usa"],"aioseo_notices":[],"featured_image_urls":{"full":"","thumbnail":"","medium":"","medium_large":"","large":"","1536x1536":"","2048x2048":"","ogma-news-block-medium":"","ogma-news-banner":""},"author_info":{"display_name":"elcubanoamericano.com","author_link":"https:\/\/elcubanoamericano.com\/index.php\/author\/elcubanoamericano-com\/"},"category_info":"<a href=\"https:\/\/elcubanoamericano.com\/index.php\/category\/todos-los-temas\/usa\/\" rel=\"category tag\">USA<\/a>","tag_info":"USA","comment_count":"0","_links":{"self":[{"href":"https:\/\/elcubanoamericano.com\/index.php\/wp-json\/wp\/v2\/posts\/372","targetHints":{"allow":["GET"]}}],"collection":[{"href":"https:\/\/elcubanoamericano.com\/index.php\/wp-json\/wp\/v2\/posts"}],"about":[{"href":"https:\/\/elcubanoamericano.com\/index.php\/wp-json\/wp\/v2\/types\/post"}],"author":[{"embeddable":true,"href":"https:\/\/elcubanoamericano.com\/index.php\/wp-json\/wp\/v2\/users\/1"}],"replies":[{"embeddable":true,"href":"https:\/\/elcubanoamericano.com\/index.php\/wp-json\/wp\/v2\/comments?post=372"}],"version-history":[{"count":0,"href":"https:\/\/elcubanoamericano.com\/index.php\/wp-json\/wp\/v2\/posts\/372\/revisions"}],"wp:attachment":[{"href":"https:\/\/elcubanoamericano.com\/index.php\/wp-json\/wp\/v2\/media?parent=372"}],"wp:term":[{"taxonomy":"category","embeddable":true,"href":"https:\/\/elcubanoamericano.com\/index.php\/wp-json\/wp\/v2\/categories?post=372"},{"taxonomy":"post_tag","embeddable":true,"href":"https:\/\/elcubanoamericano.com\/index.php\/wp-json\/wp\/v2\/tags?post=372"}],"curies":[{"name":"wp","href":"https:\/\/api.w.org\/{rel}","templated":true}]}}