{"id":543,"date":"2021-02-20T19:52:22","date_gmt":"2021-02-21T00:52:22","guid":{"rendered":"https:\/\/elcubanoamericano.wordpress.com\/?p=543"},"modified":"2024-08-09T23:27:44","modified_gmt":"2024-08-09T23:27:44","slug":"trump-hablara-en-cpac-en-su-primera-aparicion-publica-desde-que-dejo-la-casa-blanca","status":"publish","type":"post","link":"https:\/\/elcubanoamericano.com\/index.php\/2021\/02\/20\/trump-hablara-en-cpac-en-su-primera-aparicion-publica-desde-que-dejo-la-casa-blanca\/","title":{"rendered":"TRUMP HABLAR\u00c1 EN CPAC EN SU PRIMERA APARICI\u00d3N P\u00daBLICA DESDE QUE DEJ\u00d3 LA CASA BLANCA."},"content":{"rendered":"\n<p style=\"font-size:14px;line-height:0\">Por Michael Hernandez. <\/p>\n\n\n\n<figure class=\"wp-block-image size-large\"><img decoding=\"async\" src=\"https:\/\/static.politico.com\/dims4\/default\/5b78737\/2147483647\/resize\/1160x\/quality\/90\/?url=https%3A%2F%2Fstatic.politico.com%2F6a%2F45%2F8c3d98874f93b642c714eed892ce%2F0826trumps.jpg\" alt=\"\"\/><figcaption class=\"wp-element-caption\">Foto de politico.com<\/figcaption><\/figure>\n\n\n\n<figure class=\"wp-block-embed is-type-video is-provider-youtube wp-block-embed-youtube wp-embed-aspect-16-9 wp-has-aspect-ratio\"><div class=\"wp-block-embed__wrapper\">\n<iframe loading=\"lazy\" title=\"El Expresidente Trump Hablar\u00e1 En La Conferencia De Acci\u00f3n Pol\u00edtica Conservadora (CPAC)\" width=\"640\" height=\"360\" src=\"https:\/\/www.youtube.com\/embed\/LJpGhWUjNpQ?feature=oembed\" frameborder=\"0\" allow=\"accelerometer; autoplay; clipboard-write; encrypted-media; gyroscope; picture-in-picture; web-share\" referrerpolicy=\"strict-origin-when-cross-origin\" allowfullscreen><\/iframe>\n<\/div><figcaption class=\"wp-element-caption\">Escuche el Articulo en formato de Audio<\/figcaption><\/figure>\n\n\n\n<p>El expresidente Trump hablar\u00e1 en la Conferencia de Acci\u00f3n Pol\u00edtica Conservadora (CPAC) anual a finales de febrero en Orlando, Florida, su primera aparici\u00f3n p\u00fablica desde que dej\u00f3 la Casa Blanca.<\/p>\n\n\n\n<p>Seg\u00fan el peri\u00f3dico, The Hill, Trump hablar\u00e1 sobre el futuro del Partido Republicano y el movimiento conservador. Tambi\u00e9n se espera que haga fuertes cr\u00edticas a la plataforma de inmigraci\u00f3n del presidente Biden, espec\u00edficamente a sus &#8220;desastrosas pol\u00edticas de amnist\u00eda y fronteras abiertas.&#8221;<\/p>\n\n\n\n<p>El portavoz del CPAC dijo que Trump aparecer\u00e1 el 28 de febrero, el \u00faltimo d\u00eda de la conferencia.<\/p>\n\n\n\n<p>El congreso conservador anual, donde asisten un gran n\u00famero de activistas, pensadores y legisladores republicanos, generalmente se lleva a cabo en Maryland, sin embargo, este a\u00f1o se har\u00e1 en el Hyatt Regency en Orlando para evitar las estrictas restricciones con respecto al coronavirus.<\/p>\n\n\n\n<p>La noticia de Trump llega en medio de un ajuste de cuentas donde muchos supuestos republicanos han decidido abandonar a los leales seguidores del presidente como, Marjorie Taylor Greene, y votar en favor de que se remueva de varios puestos en los comit\u00e9s de la casa de representantes cuando pensaron que el presidente estar\u00eda muerto como figura dentro del partido republicano. Aunque algunos legisladores en el Congreso han estado divididos con respecto a su juicio pol\u00edtico, Trump sigue siendo muy popular entre las bases del partido.<\/p>\n\n\n\n<p>Se espera que el expresidente Trump desempe\u00f1e un papel en el impulso de ciertos candidatos en las elecciones del 2022. El l\u00edder de la minor\u00eda de la C\u00e1mara de Representantes Kevin McCarthy (R-Calif.) Hizo un viaje a Florida a fines de enero, donde, seg\u00fan los informes, discutieron la posibilidad de recuperar la mayor\u00eda de la c\u00e1mara baja en 2022.<\/p>\n\n\n\n<p>Trump no ha especificado a qui\u00e9n tiene la intenci\u00f3n de respaldar, pero ha dado alguna indicaci\u00f3n de que tiene la intenci\u00f3n de apoyar a los candidatos que promueven sus pol\u00edticas.<\/p>\n\n\n\n<p>La inmigraci\u00f3n fue un tema principal para Trump, quien abog\u00f3 por una inmigraci\u00f3n legal y organizada y trabaj\u00f3 para construir un muro en la frontera entre Estados Unidos y M\u00e9xico para proteger a nuestro pa\u00eds de narcotraficantes, y gangas.<\/p>\n\n\n\n<p>Hablar en el CPAC es un paso importante para cualquier candidato presidencial republicano a la presidencia. El evento anual, ayuda a impulsar a activistas y legisladores al escenario nacional al ampliar su exposici\u00f3n a nivel nacional.<\/p>\n","protected":false},"excerpt":{"rendered":"<p>Por Michael Hernandez. El expresidente Trump hablar\u00e1 en la Conferencia de Acci\u00f3n Pol\u00edtica Conservadora (CPAC) anual a finales de febrero en Orlando, Florida, su primera aparici\u00f3n p\u00fablica desde que dej\u00f3 la Casa Blanca. Seg\u00fan el peri\u00f3dico, The Hill, Trump hablar\u00e1 sobre el futuro del Partido Republicano y el movimiento conservador. Tambi\u00e9n se espera que haga [&hellip;]<\/p>\n","protected":false},"author":1,"featured_media":0,"comment_status":"open","ping_status":"open","sticky":false,"template":"","format":"standard","meta":{"footnotes":""},"categories":[5,3],"tags":[],"class_list":["post-543","post","type-post","status-publish","format-standard","hentry","category-mundial_esp","category-usa"],"aioseo_notices":[],"featured_image_urls":{"full":"","thumbnail":"","medium":"","medium_large":"","large":"","1536x1536":"","2048x2048":"","ogma-news-block-medium":"","ogma-news-banner":""},"author_info":{"display_name":"elcubanoamericano.com","author_link":"https:\/\/elcubanoamericano.com\/index.php\/author\/elcubanoamericano-com\/"},"category_info":"<a href=\"https:\/\/elcubanoamericano.com\/index.php\/category\/todos-los-temas\/mundial_esp\/\" rel=\"category tag\">MUNDIAL<\/a> <a href=\"https:\/\/elcubanoamericano.com\/index.php\/category\/todos-los-temas\/usa\/\" rel=\"category tag\">USA<\/a>","tag_info":"USA","comment_count":"0","_links":{"self":[{"href":"https:\/\/elcubanoamericano.com\/index.php\/wp-json\/wp\/v2\/posts\/543","targetHints":{"allow":["GET"]}}],"collection":[{"href":"https:\/\/elcubanoamericano.com\/index.php\/wp-json\/wp\/v2\/posts"}],"about":[{"href":"https:\/\/elcubanoamericano.com\/index.php\/wp-json\/wp\/v2\/types\/post"}],"author":[{"embeddable":true,"href":"https:\/\/elcubanoamericano.com\/index.php\/wp-json\/wp\/v2\/users\/1"}],"replies":[{"embeddable":true,"href":"https:\/\/elcubanoamericano.com\/index.php\/wp-json\/wp\/v2\/comments?post=543"}],"version-history":[{"count":1,"href":"https:\/\/elcubanoamericano.com\/index.php\/wp-json\/wp\/v2\/posts\/543\/revisions"}],"predecessor-version":[{"id":764,"href":"https:\/\/elcubanoamericano.com\/index.php\/wp-json\/wp\/v2\/posts\/543\/revisions\/764"}],"wp:attachment":[{"href":"https:\/\/elcubanoamericano.com\/index.php\/wp-json\/wp\/v2\/media?parent=543"}],"wp:term":[{"taxonomy":"category","embeddable":true,"href":"https:\/\/elcubanoamericano.com\/index.php\/wp-json\/wp\/v2\/categories?post=543"},{"taxonomy":"post_tag","embeddable":true,"href":"https:\/\/elcubanoamericano.com\/index.php\/wp-json\/wp\/v2\/tags?post=543"}],"curies":[{"name":"wp","href":"https:\/\/api.w.org\/{rel}","templated":true}]}}