{"id":559,"date":"2021-02-23T13:07:07","date_gmt":"2021-02-23T18:07:07","guid":{"rendered":"https:\/\/elcubanoamericano.wordpress.com\/?p=559"},"modified":"2021-02-23T13:07:07","modified_gmt":"2021-02-23T18:07:07","slug":"se-desata-la-polemica-con-gente-de-zona-comunistas-o-anticomunistas-algo-no-concuerda","status":"publish","type":"post","link":"https:\/\/elcubanoamericano.com\/index.php\/2021\/02\/23\/se-desata-la-polemica-con-gente-de-zona-comunistas-o-anticomunistas-algo-no-concuerda\/","title":{"rendered":"SE DESATA LA POL\u00c9MICA CON GENTE DE ZONA. \u00bfCOMUNISTAS O ANTICOMUNISTAS? ALGO NO CONCUERDA."},"content":{"rendered":"\n<div class=\"wp-block-image\"><figure class=\"aligncenter size-large is-resized\"><img loading=\"lazy\" decoding=\"async\" src=\"https:\/\/www.cubaenmiami.com\/wp-content\/uploads\/2017\/03\/gentedezona-bandera.jpg\" alt=\"\" width=\"570\" height=\"448\" \/><\/figure><\/div>\n\n\n\n<p style=\"font-size:14px;line-height:1.5;\">Por Michael Hernandez.  <\/p>\n\n\n\n<figure class=\"wp-block-embed is-type-rich is-provider-youtube wp-block-embed-youtube wp-embed-aspect-16-9 wp-has-aspect-ratio\"><div class=\"wp-block-embed__wrapper\">\n<iframe loading=\"lazy\" title=\"SE DESATA LA POLEMICA CON GENTE DE ZONA. \u00bfCOMUNISTAS O ANTICOMUNISTAS? ALGO NO CONCUERDA.\" width=\"640\" height=\"360\" src=\"https:\/\/www.youtube.com\/embed\/qYuWILj8iOs?feature=oembed\" frameborder=\"0\" allow=\"accelerometer; autoplay; clipboard-write; encrypted-media; gyroscope; picture-in-picture; web-share\" referrerpolicy=\"strict-origin-when-cross-origin\" allowfullscreen><\/iframe>\n<\/div><figcaption>Escuche el Articulo en formato de Audio<\/figcaption><\/figure>\n\n\n\n<p>Las redes estallan y no se hace esperar la reacci\u00f3n de los cr\u00edticos de los nuevos grupos de m\u00fasicos y artistas que inundan las redes sociales y los medios de prensas de Miami y que muchos consideran que est\u00e1n ligados \u00edntimamente con el r\u00e9gimen castrista. Comentarios como \u201cesto no es m\u00e1s que lo que ya nos tiene acostumbrado el r\u00e9gimen cubano con su gran circo castrista de Miami,\u201d o \u201cLlega la nueva obra teatral del Castrismo a Miami. Esta vez con la actuaci\u00f3n estelar de Yotuel Romero, Descemer Bueno, el d\u00fao Gente de Zona y los raperos Maykel Osorbo y El Funky,\u201d se ven en varios grupos de las redes sociales. Esto me hace preguntarme\u2026 \u00bfCu\u00e1nto de realidad tienen la sospecha de estos que considera a los influencers como Otaola, Eliecer \u00c1vila, Ultra y tantos otros agentes de manipulaci\u00f3n de opini\u00f3n p\u00fablica del r\u00e9gimen cubano?<\/p>\n\n\n\n<p class=\"has-text-align-justify\">Me tome la tarea de buscar informaci\u00f3n al respecto y lo que m\u00e1s me llama la atenci\u00f3n es la doble moral de estos personajes. De todos hay mucho de qu\u00e9 hablar, incluyendo el que se dice que en Camag\u00fcey sus t\u00edos siempre fueron agentes del G2 cubano, y uno de sus t\u00edos fue \u201cel\u201d juez que juzgaba a los disidentes cubanos en el tribunal provincial de Camag\u00fcey, Alexander Otaola. Pero, eso es tema para otro d\u00eda.<\/p>\n\n\n\n<p>El tema de hoy es interesante por todos los cabos sueltos que encontramos y que, interesantemente, la prensa que el r\u00e9gimen critica hoy en d\u00eda como la prensa de extrema izquierda de Miami, nunca hace alusi\u00f3n a estos detalles a pesar de que los conocen muy bien. Es Interesante ese tema tambi\u00e9n, pero eso es tema para otro d\u00eda.<\/p>\n\n\n\n<p>Comencemos por quien es el productor de la canci\u00f3n &#8220;Patria y Vida.&#8221; Asiel Babastro, de acuerdo con la informaci\u00f3n que encontramos, este es un joven cubano que tiene un largo historial de cercan\u00eda con el r\u00e9gimen cubano y los hijos de los altos funcionarios del r\u00e9gimen castrista en la habana.<\/p>\n\n\n\n<p>\u00bfQui\u00e9n es Yotuel Romero?<\/p>\n\n\n\n<figure class=\"wp-block-embed aligncenter is-type-rich is-provider-facebook wp-block-embed-facebook\"><div class=\"wp-block-embed__wrapper\">\nhttps:\/\/www.facebook.com\/Ciberguerrillas\/photos\/a.109152060792650\/245017987206056\/\n<\/div><\/figure>\n\n\n\n<p>Otro de los m\u00fasicos participantes en el video es Yotuel Romero. Yotuel es otro que, en sus buenos tiempos, seg\u00fan una foto que encontramos, fue muy cercano a Mariela Castro y es otro producto del r\u00e9gimen al igual que todos los que llegan a ocupar el vac\u00edo que ha dejado el exilio hist\u00f3rico con su envejecimiento.<\/p>\n\n\n\n<p>Al parecer, el castrismo quiere hacer parecer que dentro de la isla hay libertad de expresi\u00f3n y necesita a estos agentes de opini\u00f3n para fomentar su plan. Al igual que ha hecho con el movimiento San Isidro al cual le han permitido manifestarse como si en Cuba hubiese libertad, ha dejado escapar un comentario muy similar a los que van m\u00e1s acordes con la ideolog\u00eda del exilio hist\u00f3rico de Miami. Un Joven de dentro de la isla, hiso un comentario exhortando a no permitir un cambio en el cual se permitiera la permanencia en el poder de los hijos y familiares de los castros. <\/p>\n\n\n\n<p class=\"has-text-align-justify\">Pero en verdad, eso ya es parte del plan. Ellos buscan sacar a sus hijos del ambiente pol\u00edtico, que se le perdone la vida a todo el que no ha tenido participaci\u00f3n directa en los crimines de sus padres, y que el exilio mire con buena cara un cambio fraude dentro de Cuba, en el cual sus familiares ser\u00edan los titiriteros detr\u00e1s del poder. Un cambio en el cual, los t\u00edteres que ya tienen posesionados fuera y dentro de Cuba, jugar\u00edan un papel importante, ya que ser\u00edan los art\u00edfices del cambio fraude, con apoyo de muchos de este exilio que han sido plantados para apoyar a todos estos t\u00edteres castristas. Solo mire con detenimiento quienes apoyan a Eliecer \u00c1vila, Rosa Mar\u00eda Paya, y hasta candidatos pol\u00edticos que siempre hemos sabidos que son comunistas, como Mar\u00eda Elvira Salazar, y sabr\u00e1n quienes est\u00e1n tras la gran maquinaria que el r\u00e9gimen ha financiado y puesto a su servicio.<\/p>\n\n\n\n<p>Otros han sacado una foto en la cual se le hacen citaci\u00f3n a las palabras de Hugo Chaves donde dec\u00eda: &#8220;Si queremos <strong><u>Patria y Vida<\/u><\/strong>, vamos por la v\u00eda Socialista.&#8221; Otros desde cuba justifican el vasto historial de todos estos influencers y artistas que han minado nuestra comunidad diciendo que \u201cbueno\u2026 \u00bfy es que no tienen derecho a rectifica y a cambiar? As\u00ed no vamos a ning\u00fan lado. Otra falacia creada por el r\u00e9gimen para que alg\u00fan d\u00eda aceptemos y perdonemos a todo aquel que lleva a apellido Castro.<\/p>\n\n\n\n<figure class=\"wp-block-image size-large\"><img decoding=\"async\" src=\"https:\/\/scontent.fmia1-1.fna.fbcdn.net\/v\/t1.0-9\/153948141_725565658121239_7484806472710223947_n.jpg?_nc_cat=102&amp;ccb=3&amp;_nc_sid=dbeb18&amp;_nc_ohc=3nAC2YhpL2EAX8be98h&amp;_nc_ht=scontent.fmia1-1.fna&amp;oh=cbef314b5669942f470454521a025b75&amp;oe=605B303E\" alt=\"\" \/><\/figure>\n\n\n\n<p>No estoy en contra de que cambien, pero creo que un hombre digno por honor y decoro, cuando se da cuenta que estaba en el lado equivocado, se calla y se aparta de la pol\u00edtica por respeto a los oprimidos que hoy todav\u00eda viven bajo el yugo de un sistema dictatorial del que ellos fueron parte. Pero claro, no pueden separarse porque la orden es precisamente entrar en la pol\u00edtica americana para manipular al exilio y hasta las elecciones de este pa\u00eds.<\/p>\n\n\n\n<p>Mas interesante aun es el echo que se han encontrado agentes de la Universidad de Ciencias Inform\u00e1ticas (UCI) promocionando a altas voces la canci\u00f3n de \u201cPatria y Vida\u201d y no ocultan que son graduados del mismo centro donde Eliecer \u00c1vila, fue preparado para dirigir una operaci\u00f3n destinada a censurar al pueblo en las redes, y despu\u00e9s fue preparado para su pr\u00f3xima misi\u00f3n en los Estados Unidos.<\/p>\n\n\n\n<figure class=\"wp-block-embed aligncenter is-type-rich is-provider-facebook wp-block-embed-facebook\"><div class=\"wp-block-embed__wrapper\">\nhttps:\/\/www.facebook.com\/Ciberguerrillas\/photos\/pcb.245066787201176\/245066530534535\/\n<\/div><\/figure>\n\n\n\n<figure class=\"wp-block-embed is-type-rich is-provider-facebook wp-block-embed-facebook\"><div class=\"wp-block-embed__wrapper\">\nhttps:\/\/www.facebook.com\/Ciberguerrillas\/photos\/pcb.245066787201176\/245066670534521\/\n<\/div><\/figure>\n\n\n\n<p>Nada, el castrismo ha tomado posesi\u00f3n de un exilio que antes fue anticomunista, y lo ha reemplazado con un circo castrista preparado en las academias de artes histri\u00f3nicos de la habana, con entrenamiento en el Instituto Cubano de Radio y Televisi\u00f3n (ICRT), en el instituto Cubano de Arte e Industria Cinematogr\u00e1fica (ICAIC), y con un sistema de apoyo de la Universidad de Ciencias Inform\u00e1ticas de la Habana que grad\u00faa m\u00e1s de diez mil agentes cibern\u00e9ticos de influencia por a\u00f1o.<\/p>\n\n\n\n<p class=\"has-text-align-center\"><strong><strong>&nbsp;\u00a1SON TODOS LO MISMO! \u00bfINSEPARABLES CAMARADAS?<\/strong><\/strong><\/p>\n\n\n\n<div class=\"wp-block-image\"><figure class=\"aligncenter size-large\"><img decoding=\"async\" src=\"https:\/\/cubanosporelmundo.com\/wp-content\/uploads\/2020\/09\/descemer-bueno-eliecer-avila.jpg\" alt=\"\" \/><figcaption>Decemer Bueno con Eliecer Avila, el ex<\/figcaption><\/figure><\/div>\n\n\n\n<p>Adem\u00e1s de la educaci\u00f3n, preparaci\u00f3n y adoctrinaci\u00f3n en el sistema castrista, todos estos nuevos hombres del castrismo comparten algo m\u00e1s en com\u00fan, y es que ninguno estuvo un d\u00eda preso en los calabozos del r\u00e9gimen y ninguno menciona por nombre a los que todav\u00eda se pudren en las mazmorras castristas. Sin embargo, hoy se dicen ser el verdadero hombre anticomunista porque un d\u00eda estuvieron confundidos y ahora han recapitulado. Mientras tanto, con su maquinaria al servicio del castrismo, tratan de apagar cualquier voz que los delate, aunque esta nunca halla sido parte del sistema que ellos representan.<\/p>\n\n\n\n<p>Al parecer el castrismo est\u00e1 listo para aprovechar los pr\u00f3ximos 4 a\u00f1os de la presidencia de un izquierdista como Biden. Mientras tanto los peros castristas ladran pidiendo a Biden que no se hagan cambios a las pol\u00edticas de nuestro presidente Trump por \u00f3rdenes de la Habana. Claro&#8230; ellos est\u00e1n convencidos de que Biden har\u00e1 lo que le d\u00e9 la gana como lo hizo Obama. Ya los de la habana preparan su pr\u00f3ximo carnaval de reguet\u00f3n en Miami, con la participaci\u00f3n especial de sus agentes y el invitado de honor, Joe Biden.<\/p>\n\n\n\n<figure class=\"wp-block-embed aligncenter is-type-rich is-provider-facebook wp-block-embed-facebook\"><div class=\"wp-block-embed__wrapper\">\nhttps:\/\/www.facebook.com\/MariaELRinoSalazar\/posts\/209750274224267\n<\/div><\/figure>\n","protected":false},"excerpt":{"rendered":"<p>Por Michael Hernandez. Las redes estallan y no se hace esperar la reacci\u00f3n de los cr\u00edticos de los nuevos grupos de m\u00fasicos y artistas que inundan las redes sociales y los medios de prensas de Miami y que muchos consideran que est\u00e1n ligados \u00edntimamente con el r\u00e9gimen castrista. Comentarios como \u201cesto no es m\u00e1s que [&hellip;]<\/p>\n","protected":false},"author":1,"featured_media":0,"comment_status":"open","ping_status":"open","sticky":false,"template":"","format":"standard","meta":{"footnotes":""},"categories":[7],"tags":[],"class_list":["post-559","post","type-post","status-publish","format-standard","hentry","category-cuba"],"aioseo_notices":[],"featured_image_urls":{"full":"","thumbnail":"","medium":"","medium_large":"","large":"","1536x1536":"","2048x2048":"","ogma-news-block-medium":"","ogma-news-banner":""},"author_info":{"display_name":"elcubanoamericano.com","author_link":"https:\/\/elcubanoamericano.com\/index.php\/author\/elcubanoamericano-com\/"},"category_info":"<a href=\"https:\/\/elcubanoamericano.com\/index.php\/category\/todos-los-temas\/cuba\/\" rel=\"category tag\">CUBA<\/a>","tag_info":"CUBA","comment_count":"2","_links":{"self":[{"href":"https:\/\/elcubanoamericano.com\/index.php\/wp-json\/wp\/v2\/posts\/559","targetHints":{"allow":["GET"]}}],"collection":[{"href":"https:\/\/elcubanoamericano.com\/index.php\/wp-json\/wp\/v2\/posts"}],"about":[{"href":"https:\/\/elcubanoamericano.com\/index.php\/wp-json\/wp\/v2\/types\/post"}],"author":[{"embeddable":true,"href":"https:\/\/elcubanoamericano.com\/index.php\/wp-json\/wp\/v2\/users\/1"}],"replies":[{"embeddable":true,"href":"https:\/\/elcubanoamericano.com\/index.php\/wp-json\/wp\/v2\/comments?post=559"}],"version-history":[{"count":0,"href":"https:\/\/elcubanoamericano.com\/index.php\/wp-json\/wp\/v2\/posts\/559\/revisions"}],"wp:attachment":[{"href":"https:\/\/elcubanoamericano.com\/index.php\/wp-json\/wp\/v2\/media?parent=559"}],"wp:term":[{"taxonomy":"category","embeddable":true,"href":"https:\/\/elcubanoamericano.com\/index.php\/wp-json\/wp\/v2\/categories?post=559"},{"taxonomy":"post_tag","embeddable":true,"href":"https:\/\/elcubanoamericano.com\/index.php\/wp-json\/wp\/v2\/tags?post=559"}],"curies":[{"name":"wp","href":"https:\/\/api.w.org\/{rel}","templated":true}]}}