{"id":590,"date":"2021-02-23T15:56:04","date_gmt":"2021-02-23T20:56:04","guid":{"rendered":"https:\/\/elcubanoamericano.wordpress.com\/?p=590"},"modified":"2021-02-23T15:56:04","modified_gmt":"2021-02-23T20:56:04","slug":"liz-cheney-se-pronuncia-diciendo-que-ambos-partidos-tienen-supremacistas-blancos","status":"publish","type":"post","link":"https:\/\/elcubanoamericano.com\/index.php\/2021\/02\/23\/liz-cheney-se-pronuncia-diciendo-que-ambos-partidos-tienen-supremacistas-blancos\/","title":{"rendered":"LIZ CHENEY SE PRONUNCIA DICIENDO QUE AMBOS PARTIDOS TIENEN SUPREMACISTAS BLANCOS"},"content":{"rendered":"\n<figure class=\"wp-block-image size-large\"><img decoding=\"async\" src=\"https:\/\/upload.wikimedia.org\/wikipedia\/commons\/thumb\/9\/9a\/Liz_Cheney_official_116th_Congress_portrait.jpg\/800px-Liz_Cheney_official_116th_Congress_portrait.jpg\" alt=\"\" \/><\/figure>\n\n\n\n<p class=\"has-text-align-center\">Escuche el Articulo en formato de Audio<\/p>\n\n\n\n<figure class=\"wp-block-embed is-type-rich is-provider-youtube wp-block-embed-youtube wp-embed-aspect-16-9 wp-has-aspect-ratio\"><div class=\"wp-block-embed__wrapper\">\n<iframe loading=\"lazy\" title=\"LIZ CHENEY SE PRONUNCIA DICIENDO QUE AMBOS PARTIDOS TIENEN SUPREMACISTAS BLANCOS\" width=\"640\" height=\"360\" src=\"https:\/\/www.youtube.com\/embed\/YtzdFTjJVqQ?feature=oembed\" frameborder=\"0\" allow=\"accelerometer; autoplay; clipboard-write; encrypted-media; gyroscope; picture-in-picture; web-share\" referrerpolicy=\"strict-origin-when-cross-origin\" allowfullscreen><\/iframe>\n<\/div><\/figure>\n\n\n\n<p>La representante Liz Cheney, R-WY., ha dicho que tanto el Partido Republicano como el Partido Dem\u00f3crata tienen supremacistas blancos y antisemitas. Esto despu\u00e9s de toda la controversia que se envolvi\u00f3 despu\u00e9s de votar para que enjuiciar al presidente Donal J. Trump, por lo que el Partido Republicano de Wyoming vot\u00f3 a principios de este mes para censurar a Cheney. Adicionalmente, el Partido Republicano estatal pidi\u00f3 a Cheney que dimitiera y planea retener cualquier financiaci\u00f3n futura de ella.<\/p>\n\n\n\n<p>De acuerdo con el Casper Star-Tribune, Cheney, la cual tambi\u00e9n es la presidenta de la Conferencia Republicana de la C\u00e1mara de Representantes, hizo sus comentarios el pasado mi\u00e9rcoles durante una reuni\u00f3n con el Club Rotario Cheyenne.<\/p>\n\n\n\n<p>&#8220;Hemos visto antisemitismo, supremac\u00eda blanca, negaci\u00f3n del Holocausto, por personas tanto de derecha en el Partido Republicano como por personas de izquierda en el Partido Dem\u00f3crata&#8221;, dijo Cheney. &#8220;No pueden tener lugar en nuestro discurso p\u00fablico. Tenemos que tener muy claro que defendemos la libertad, la justicia y la igualdad y que vamos a luchar por esas cosas&#8221;.<\/p>\n\n\n\n<p>Y agreg\u00f3: &#8220;Creo que es muy importante para nosotros, al mismo tiempo, tener claro que rechazamos algunas de las posiciones m\u00e1s escandalosas, extremas e indefendibles que hemos visto&#8221;.<\/p>\n\n\n\n<p>Pero Cheney, en sus comentarios del mi\u00e9rcoles, dijo: &#8220;El juramento que hice nunca puede plegarse a la presi\u00f3n pol\u00edtica, al gobierno de la mafia o al partidismo. Y eso es lo que deber\u00edamos querer de todos nuestros funcionarios electos. Porque si no est\u00e1s dispuesto a defender la Constituci\u00f3n, o si s\u00f3lo est\u00e1s dispuesto a defenderla cuando sirva a tu prop\u00f3sito pol\u00edtico, entonces la Constituci\u00f3n no se mantendr\u00e1&#8221;.<\/p>\n\n\n\n<p>Sin embargo, la decisi\u00f3n de juzgar al expresidente despu\u00e9s de estar fuera de la Casa Blanca es claramente una violaci\u00f3n de la constituci\u00f3n, la cual ella apoyo al pedir que se le juzgara. Como siempre digo, no puedes poner a un panadero a fabricar zapatos, y Cheney es un claro ejemplo de estos que tienen un diploma de abogado y no saben nada de la constituci\u00f3n, o se hace la que no entiende los poderes constitucionales del congreso.<\/p>\n","protected":false},"excerpt":{"rendered":"<p>Escuche el Articulo en formato de Audio La representante Liz Cheney, R-WY., ha dicho que tanto el Partido Republicano como el Partido Dem\u00f3crata tienen supremacistas blancos y antisemitas. Esto despu\u00e9s de toda la controversia que se envolvi\u00f3 despu\u00e9s de votar para que enjuiciar al presidente Donal J. Trump, por lo que el Partido Republicano de [&hellip;]<\/p>\n","protected":false},"author":1,"featured_media":0,"comment_status":"open","ping_status":"open","sticky":false,"template":"","format":"standard","meta":{"footnotes":""},"categories":[3],"tags":[],"class_list":["post-590","post","type-post","status-publish","format-standard","hentry","category-usa"],"aioseo_notices":[],"featured_image_urls":{"full":"","thumbnail":"","medium":"","medium_large":"","large":"","1536x1536":"","2048x2048":"","ogma-news-block-medium":"","ogma-news-banner":""},"author_info":{"display_name":"elcubanoamericano.com","author_link":"https:\/\/elcubanoamericano.com\/index.php\/author\/elcubanoamericano-com\/"},"category_info":"<a href=\"https:\/\/elcubanoamericano.com\/index.php\/category\/todos-los-temas\/usa\/\" rel=\"category tag\">USA<\/a>","tag_info":"USA","comment_count":"0","_links":{"self":[{"href":"https:\/\/elcubanoamericano.com\/index.php\/wp-json\/wp\/v2\/posts\/590","targetHints":{"allow":["GET"]}}],"collection":[{"href":"https:\/\/elcubanoamericano.com\/index.php\/wp-json\/wp\/v2\/posts"}],"about":[{"href":"https:\/\/elcubanoamericano.com\/index.php\/wp-json\/wp\/v2\/types\/post"}],"author":[{"embeddable":true,"href":"https:\/\/elcubanoamericano.com\/index.php\/wp-json\/wp\/v2\/users\/1"}],"replies":[{"embeddable":true,"href":"https:\/\/elcubanoamericano.com\/index.php\/wp-json\/wp\/v2\/comments?post=590"}],"version-history":[{"count":0,"href":"https:\/\/elcubanoamericano.com\/index.php\/wp-json\/wp\/v2\/posts\/590\/revisions"}],"wp:attachment":[{"href":"https:\/\/elcubanoamericano.com\/index.php\/wp-json\/wp\/v2\/media?parent=590"}],"wp:term":[{"taxonomy":"category","embeddable":true,"href":"https:\/\/elcubanoamericano.com\/index.php\/wp-json\/wp\/v2\/categories?post=590"},{"taxonomy":"post_tag","embeddable":true,"href":"https:\/\/elcubanoamericano.com\/index.php\/wp-json\/wp\/v2\/tags?post=590"}],"curies":[{"name":"wp","href":"https:\/\/api.w.org\/{rel}","templated":true}]}}