{"id":595,"date":"2021-02-23T17:49:38","date_gmt":"2021-02-23T22:49:38","guid":{"rendered":"https:\/\/elcubanoamericano.wordpress.com\/?p=595"},"modified":"2021-02-23T17:49:38","modified_gmt":"2021-02-23T22:49:38","slug":"el-senador-ron-johnson-dijo-que-falsos-manifestantes-de-trump-estan-tras-el-motin-en-el-capitolio","status":"publish","type":"post","link":"https:\/\/elcubanoamericano.com\/index.php\/2021\/02\/23\/el-senador-ron-johnson-dijo-que-falsos-manifestantes-de-trump-estan-tras-el-motin-en-el-capitolio\/","title":{"rendered":"EL SENADOR RON JOHNSON DIJO QUE \u201cFALSOS MANIFESTANTES DE TRUMP\u201d ESTAN TRAS EL MOT\u00cdN EN EL CAPITOLIO"},"content":{"rendered":"\n<figure class=\"wp-block-image size-large\"><img decoding=\"async\" src=\"https:\/\/img-s-msn-com.akamaized.net\/tenant\/amp\/entityid\/BB1dWURz.img?h=533&amp;w=799&amp;m=6&amp;q=60&amp;o=f&amp;l=f&amp;x=2628&amp;y=1183\" alt=\"\" \/><\/figure>\n\n\n\n<p style=\"font-size:14px;\">Por: Michael Hernandez <\/p>\n\n\n\n<figure class=\"wp-block-embed is-type-rich is-provider-youtube wp-block-embed-youtube wp-embed-aspect-16-9 wp-has-aspect-ratio\"><div class=\"wp-block-embed__wrapper\">\n<iframe loading=\"lazy\" title=\"EL SENADOR RON JOHNSON DIJO QUE \u201cFALSOS MANIFESTANTES DE TRUMP\u201d ESTAN TRAS EL MOT\u00cdN EN EL CAPITOLIO\" width=\"640\" height=\"360\" src=\"https:\/\/www.youtube.com\/embed\/mQ3sdtoh6Zs?feature=oembed\" frameborder=\"0\" allow=\"accelerometer; autoplay; clipboard-write; encrypted-media; gyroscope; picture-in-picture; web-share\" referrerpolicy=\"strict-origin-when-cross-origin\" allowfullscreen><\/iframe>\n<\/div><figcaption>Escuche el Articulo en formato de Audio<\/figcaption><\/figure>\n\n\n\n<p>El senador Ron Johnson Republicano de Wisconsin, durante una audiencia en el Senado martes ley\u00f3 un informe afirmando que el mot\u00edn del Capitolio fue &#8220;probablemente planeado&#8221; por personas que se hac\u00edan pasar por partidarios del expresidente Donald Trump.<\/p>\n\n\n\n<p>Johnson ley\u00f3 el art\u00edculo, un relato de primera mano del mot\u00edn titulado &#8220;Vi provocadores en el Capitolio el 6 de enero&#8221;, que fue escrito por J. Michael Waller, analista senior del Centro de Pol\u00edtica de Seguridad, y publicado por peri\u00f3dico The Federalist.<\/p>\n\n\n\n<p>Waller afirm\u00f3 que personas &#8220;a las que presum\u00ed que eran Antifa u otros agitadores izquierdistas&#8221; fueron las que atacaron a los agentes de polic\u00eda durante el mot\u00edn del mes pasado, que convirti\u00f3 a &#8220;manifestantes desprevenidos en una turba invasora,&#8221; al parecer dej\u00e1ndose llevar por la emoci\u00f3n del momento.<\/p>\n\n\n\n<p>El senador Johnson se\u00f1al\u00f3 que Waller &#8220;dijo que el estado de \u00e1nimo de la multitud era &#8216;positivo&#8217; y &#8216;festivo'&#8221;, y que cuatro tipos de personas &#8220;se destacaron&#8221; del resto de la multitud y &#8220;obviamente no encajaban&#8221;. Describi\u00f3 a esos grupos como &#8220;militantes de paisano, agentes provocadores, falsos manifestantes de Trump y luego disciplinados, columna uniformada de atacantes&#8221;.<\/p>\n\n\n\n<p>Johnson dijo: &#8220;Creo que estas son las personas que probablemente planearon esto&#8221;.<\/p>\n\n\n\n<p>Seg\u00fan Slate, la senadora dem\u00f3crata de Minnesota Amy Klobuchar, que preside el Comit\u00e9 de Reglas del Senado, dijo al final de la reuni\u00f3n: &#8220;Quiero dejar claro que hay algunos puntos de acuerdo entre la mayor\u00eda de nosotros en este comit\u00e9, y no creo que debamos dejar que las palabras de unos pocos se conviertan en la historia aqu\u00ed&#8221;. \u00bfEst\u00e1s de acuerdo con este planteamiento de la senadora Amy Klobuchar? \u00bfTe parece que en verdad hubo maleantes de la izquierda en las revueltas? d\u00e9janos tu comentario aqu\u00ed.<\/p>\n","protected":false},"excerpt":{"rendered":"<p>Por: Michael Hernandez El senador Ron Johnson Republicano de Wisconsin, durante una audiencia en el Senado martes ley\u00f3 un informe afirmando que el mot\u00edn del Capitolio fue &#8220;probablemente planeado&#8221; por personas que se hac\u00edan pasar por partidarios del expresidente Donald Trump. Johnson ley\u00f3 el art\u00edculo, un relato de primera mano del mot\u00edn titulado &#8220;Vi provocadores [&hellip;]<\/p>\n","protected":false},"author":1,"featured_media":0,"comment_status":"open","ping_status":"open","sticky":false,"template":"","format":"standard","meta":{"footnotes":""},"categories":[3],"tags":[],"class_list":["post-595","post","type-post","status-publish","format-standard","hentry","category-usa"],"aioseo_notices":[],"featured_image_urls":{"full":"","thumbnail":"","medium":"","medium_large":"","large":"","1536x1536":"","2048x2048":"","ogma-news-block-medium":"","ogma-news-banner":""},"author_info":{"display_name":"elcubanoamericano.com","author_link":"https:\/\/elcubanoamericano.com\/index.php\/author\/elcubanoamericano-com\/"},"category_info":"<a href=\"https:\/\/elcubanoamericano.com\/index.php\/category\/todos-los-temas\/usa\/\" rel=\"category tag\">USA<\/a>","tag_info":"USA","comment_count":"0","_links":{"self":[{"href":"https:\/\/elcubanoamericano.com\/index.php\/wp-json\/wp\/v2\/posts\/595","targetHints":{"allow":["GET"]}}],"collection":[{"href":"https:\/\/elcubanoamericano.com\/index.php\/wp-json\/wp\/v2\/posts"}],"about":[{"href":"https:\/\/elcubanoamericano.com\/index.php\/wp-json\/wp\/v2\/types\/post"}],"author":[{"embeddable":true,"href":"https:\/\/elcubanoamericano.com\/index.php\/wp-json\/wp\/v2\/users\/1"}],"replies":[{"embeddable":true,"href":"https:\/\/elcubanoamericano.com\/index.php\/wp-json\/wp\/v2\/comments?post=595"}],"version-history":[{"count":0,"href":"https:\/\/elcubanoamericano.com\/index.php\/wp-json\/wp\/v2\/posts\/595\/revisions"}],"wp:attachment":[{"href":"https:\/\/elcubanoamericano.com\/index.php\/wp-json\/wp\/v2\/media?parent=595"}],"wp:term":[{"taxonomy":"category","embeddable":true,"href":"https:\/\/elcubanoamericano.com\/index.php\/wp-json\/wp\/v2\/categories?post=595"},{"taxonomy":"post_tag","embeddable":true,"href":"https:\/\/elcubanoamericano.com\/index.php\/wp-json\/wp\/v2\/tags?post=595"}],"curies":[{"name":"wp","href":"https:\/\/api.w.org\/{rel}","templated":true}]}}