{"id":644,"date":"2021-03-06T20:45:23","date_gmt":"2021-03-07T01:45:23","guid":{"rendered":"https:\/\/elcubanoamericano.wordpress.com\/?p=644"},"modified":"2021-03-06T20:45:23","modified_gmt":"2021-03-07T01:45:23","slug":"el-senado-aprueba-el-cheque-de-estimulo-que-solo-tiene-un-9-destinado-al-covid-19-y-el-resto-a-pagar-favores-politicos","status":"publish","type":"post","link":"https:\/\/elcubanoamericano.com\/index.php\/2021\/03\/06\/el-senado-aprueba-el-cheque-de-estimulo-que-solo-tiene-un-9-destinado-al-covid-19-y-el-resto-a-pagar-favores-politicos\/","title":{"rendered":"EL SENADO APRUEBA EL CHEQUE DE ESTIMULO QUE SOLO TIENE UN 9 % DESTINADO AL COVID 19 Y EL RESTO A PAGAR FAVORES POLITICOS."},"content":{"rendered":"\n<figure class=\"wp-block-image size-large\"><img decoding=\"async\" src=\"https:\/\/a57.foxnews.com\/static.foxnews.com\/foxnews.com\/content\/uploads\/2020\/03\/1862\/1048\/AP20084599252445.jpg?ve=1&amp;tl=1\" alt=\"\" \/><figcaption>Foto de AP<\/figcaption><\/figure>\n\n\n\n<p>WASHINGTON &#8211; Un Senado exhausto, por una larga noche de trabajo, aprob\u00f3 por estrecho margen un proyecto de ley de alivio de 1.9 billones (millones de millones) de d\u00f3lares COVID-19 el s\u00e1bado cuando el presidente Joe Biden y sus aliados dem\u00f3cratas obtuvieron una victoria que ellos mismos calificaron de crucial para sacar al pa\u00eds de la pandemia y los problemas econ\u00f3micos. Sin embargo, solo un 9% de este dinero.<\/p>\n\n\n\n<p>Despu\u00e9s de trabajar toda la noche en una monta\u00f1a de enmiendas \u2014 casi todas de los republicanos rechazaron el paquete, mientras los dem\u00f3cratas aprobaron el extenso paquete en una votaci\u00f3n de l\u00ednea partidaria de 50\/49. Eso establece la aprobaci\u00f3n final del Congreso por parte de la C\u00e1mara de Representantes. Solo queda, la pr\u00f3xima semana, que los legisladores puedan llevarlo a Biden para que plasme su firma.<\/p>\n\n\n\n<p>Cuando miras el costo de este enorme paquete, sin precedente, su costo es casi un 10 % de toda la econom\u00eda estadounidense. Por su puesto que esta siempre fue una prioridad de este presidente entrante que sabe que su presidencia necesita acumular alg\u00fan logro despu\u00e9s de fracasos rotundos en la cuesti\u00f3n migratoria que se le sale de las manos. Sin embargo, con una econom\u00eda que puja para salir adelante, este paquete ser\u00e1 solo un parche que eventualmente dejar\u00e1 caer la econom\u00eda en por su propio peso. En otras palabras, alivio temporal pero no duradero.<\/p>\n\n\n\n<p>&#8220;Esta naci\u00f3n ha sufrido demasiado durante demasiado tiempo&#8221;, dijo Biden a los periodistas en la Casa Blanca despu\u00e9s de la votaci\u00f3n. &#8220;Y todo en este paquete est\u00e1 dise\u00f1ado para aliviar el sufrimiento y satisfacer las necesidades m\u00e1s urgentes de la naci\u00f3n, y ponernos en una mejor posici\u00f3n para prevalecer.\u201d<\/p>\n\n\n\n<p>Claro est\u00e1 que, esto no es verdad. Algunas de las generalidades que el presidente Biden no ha ocultado querer en el proyecto de ley, como el aumento del salario m\u00ednimo y la ayuda financiera a los inmigrantes ilegales est\u00e1n, por supuesto, incluidas.<\/p>\n\n\n\n<p>Muchas cosas en el proyecto de ley no son una sorpresa. Han sido parte de una lista de deseos liberaldem\u00f3cratas durante bastante tiempo, y no tienen nada que ver con el alivio para los m\u00e1s afectados por la pandemia o los cierres econ\u00f3micos. Uno de los principales puntos , un nuevo salario m\u00ednimo obligatorio federal , en cambio tiene todo que ver con esencialmente pagar a la gente para que sea un nuevo bloque de votantes.<\/p>\n\n\n\n<p>Seg\u00fan la RSC y la Oficina de Presupuesto del Congreso (\u00f3rgano no partidista), el resultado de esta mejora salarial podr\u00eda ser 1.4 millones de empleos perdidos, o incluso m\u00e1s. La mayor\u00eda de los que se realizar\u00edan ser\u00edan personas m\u00e1s j\u00f3venes con menos educaci\u00f3n formal.<\/p>\n\n\n\n<p>Existe toda una secci\u00f3n, &#8220;TITLE VI COMIT\u00c9 SOBRE PEQUE\u00d1AS EMPRESAS&#8221; en este gigante de 591 p\u00e1ginas, que cubre cosas tales como modificaciones al PPP (Programa de Protecci\u00f3n de Cheques de Pago), apoyo a restaurantes y algo titulado &#8220;cr\u00e9ditos directos&#8221;.<\/p>\n\n\n\n<p>Sin embargo, la administraci\u00f3n se niega a reconocer que la mejor manera de ayudar a estas empresas en dificultades es permitirles abrir sus puertas primero, si es que a\u00fan no lo han hecho, y permitirles pagar a sus empleados lo que pueden permitirse pagar y seguir operando. Cualquiera que sepa algo sobre econom\u00eda sabe que si no puedes pagar a todos tus empleados ese nuevo salario m\u00ednimo federal, alguien tiene que irse y, adicionalmente, los precios de los productos tendr\u00e1n que sufrir un aumento lo cual podr\u00eda llevar a una inflaci\u00f3n la cual ya preocupa a muchos.<\/p>\n\n\n\n<p>Otro de los rasgos del paquete es que el pago por desempleo vendr\u00eda con $400 adicionales por semana, adem\u00e1s de pagos regulares. Esto durar\u00eda hasta un a\u00f1o y medio. En palabras de la RSC, &#8220;bajo este plan, el 53% de los estadounidenses recibir\u00eda efectivamente un aumento por estar desempleado&#8221;.<\/p>\n\n\n\n<p>Y no s\u00f3lo ser\u00edan los estadounidenses a los que se les pagar\u00eda por sentarse a ver Netflix todo el d\u00eda. Si entras ilegalmente en los Estados Unidos, tambi\u00e9n es d\u00eda de pago para ti, amigo y bienvenido a los Estados Unidos Socialistas de Am\u00e9rica.<\/p>\n\n\n\n<p>Los cheques de est\u00edmulo de $1,400 que a\u00fan se est\u00e1n debatiendo tambi\u00e9n ir\u00edan a aquellas familias en las que al menos uno de los padres es un inmigrante ilegal.<\/p>\n\n\n\n<p>Nada nuevo, esta es nuestra realidad por los pr\u00f3ximos 3 anos y 9 meses. Estemos listo para lo que viene. Precios de gasolina mas altos, mas desempleo y, por supuesto, mas legislaciones no partidistas para avanzar la agenda del comunismo, o si prefiere ll\u00e1melo globalismo mundial.<\/p>\n","protected":false},"excerpt":{"rendered":"<p>WASHINGTON &#8211; Un Senado exhausto, por una larga noche de trabajo, aprob\u00f3 por estrecho margen un proyecto de ley de alivio de 1.9 billones (millones de millones) de d\u00f3lares COVID-19 el s\u00e1bado cuando el presidente Joe Biden y sus aliados dem\u00f3cratas obtuvieron una victoria que ellos mismos calificaron de crucial para sacar al pa\u00eds de [&hellip;]<\/p>\n","protected":false},"author":1,"featured_media":0,"comment_status":"open","ping_status":"open","sticky":false,"template":"","format":"standard","meta":{"footnotes":""},"categories":[3],"tags":[],"class_list":["post-644","post","type-post","status-publish","format-standard","hentry","category-usa"],"aioseo_notices":[],"featured_image_urls":{"full":"","thumbnail":"","medium":"","medium_large":"","large":"","1536x1536":"","2048x2048":"","ogma-news-block-medium":"","ogma-news-banner":""},"author_info":{"display_name":"elcubanoamericano.com","author_link":"https:\/\/elcubanoamericano.com\/index.php\/author\/elcubanoamericano-com\/"},"category_info":"<a href=\"https:\/\/elcubanoamericano.com\/index.php\/category\/todos-los-temas\/usa\/\" rel=\"category tag\">USA<\/a>","tag_info":"USA","comment_count":"0","_links":{"self":[{"href":"https:\/\/elcubanoamericano.com\/index.php\/wp-json\/wp\/v2\/posts\/644","targetHints":{"allow":["GET"]}}],"collection":[{"href":"https:\/\/elcubanoamericano.com\/index.php\/wp-json\/wp\/v2\/posts"}],"about":[{"href":"https:\/\/elcubanoamericano.com\/index.php\/wp-json\/wp\/v2\/types\/post"}],"author":[{"embeddable":true,"href":"https:\/\/elcubanoamericano.com\/index.php\/wp-json\/wp\/v2\/users\/1"}],"replies":[{"embeddable":true,"href":"https:\/\/elcubanoamericano.com\/index.php\/wp-json\/wp\/v2\/comments?post=644"}],"version-history":[{"count":0,"href":"https:\/\/elcubanoamericano.com\/index.php\/wp-json\/wp\/v2\/posts\/644\/revisions"}],"wp:attachment":[{"href":"https:\/\/elcubanoamericano.com\/index.php\/wp-json\/wp\/v2\/media?parent=644"}],"wp:term":[{"taxonomy":"category","embeddable":true,"href":"https:\/\/elcubanoamericano.com\/index.php\/wp-json\/wp\/v2\/categories?post=644"},{"taxonomy":"post_tag","embeddable":true,"href":"https:\/\/elcubanoamericano.com\/index.php\/wp-json\/wp\/v2\/tags?post=644"}],"curies":[{"name":"wp","href":"https:\/\/api.w.org\/{rel}","templated":true}]}}