{"id":707,"date":"2021-03-09T12:34:11","date_gmt":"2021-03-09T17:34:11","guid":{"rendered":"https:\/\/elcubanoamericano.wordpress.com\/?p=707"},"modified":"2021-03-09T12:34:11","modified_gmt":"2021-03-09T17:34:11","slug":"exiliados-de-cuba-nicaragua-y-venezuela-respaldan-proyectos-de-ley-contra-el-comunismo-en-la-florida","status":"publish","type":"post","link":"https:\/\/elcubanoamericano.com\/index.php\/2021\/03\/09\/exiliados-de-cuba-nicaragua-y-venezuela-respaldan-proyectos-de-ley-contra-el-comunismo-en-la-florida\/","title":{"rendered":"EXILIADOS DE CUBA, NICARAGUA, Y VENEZUELA RESPALDAN PROYECTOS DE LEY CONTRA EL COMUNISMO EN LA FLORIDA."},"content":{"rendered":"\n<figure class=\"wp-block-image size-large\"><img decoding=\"async\" src=\"https:\/\/elcubanoamericano.wordpress.com\/wp-content\/uploads\/2021\/03\/image.png?w=1024\" alt=\"\" class=\"wp-image-709\" \/><\/figure>\n\n\n\n<p>TALLAHASSEE, FL.- Un nutrido grupo de victimas del comunismo se re\u00fane en Tallahassee, FL., para apoyar las iniciativas legislativas para establecer el \u201cD\u00eda Conmemorativo de las V\u00edctimas del Comunismo\u201d en la Florida. Entre los presentes se encontraban exiliados de Cuba, Venezuela y Nicaragua. Los dos proyectos de ley establecer\u00edan el 7 de noviembre como el \u201cD\u00eda Conmemorativo de las V\u00edctimas del Comunismo.\u201d El proyecto propone incorporar en las escuelas p\u00fablicas un plan de ense\u00f1anza sobre los impactos negativos del comunismo.<\/p>\n\n\n\n<p>En el acto, organizado por la Fundaci\u00f3n V\u00edctimas del Comunismo, Intervinieron varias personalidades pol\u00edticas, entre ellas, el se\u00f1or Gustavo Tefel, una activista nicarag\u00fcense que vivi\u00f3 los horrores de la dictadura asesina de Daniel Ortega por lo que tuvo que abandonar Nicaragua en el 2018.<\/p>\n\n\n\n<p>El l\u00edder anticomunista nicarag\u00fcense, expreso que, al igual que \u00e9l, su hijo se vio obligado a abandonar su patria en lo que parece un ciclo que nunca acaba debido a los horrores del comunismo sandinista.<\/p>\n\n\n\n<figure class=\"wp-block-embed is-type-rich is-provider-youtube wp-block-embed-youtube wp-embed-aspect-16-9 wp-has-aspect-ratio\"><div class=\"wp-block-embed__wrapper\">\n<iframe loading=\"lazy\" title=\"Gustavo Tefel Compadece ante El Congreso en Florida\" width=\"640\" height=\"360\" src=\"https:\/\/www.youtube.com\/embed\/8ka1QKlyGOQ?feature=oembed\" frameborder=\"0\" allow=\"accelerometer; autoplay; clipboard-write; encrypted-media; gyroscope; picture-in-picture; web-share\" referrerpolicy=\"strict-origin-when-cross-origin\" allowfullscreen><\/iframe>\n<\/div><figcaption>Video de Comparecencia del se\u00f1or Tefel.<\/figcaption><\/figure>\n\n\n\n<p>El Se\u00f1or Tefel, sin pelos en la lengua, acuso en\u00e9rgicamente al dictador Daniel Ortega Saavedra, no solo de estar acusado de violador de su hijastra, pero tambi\u00e9n de ser el violador que \u201cviola a Nicaragua todos los d\u00edas al matar, encarcelar, y torturar al pueblo nicarag\u00fcense.\u201d<\/p>\n\n\n\n<p>Adicionalmente, el se\u00f1or Tefel, se\u00f1al\u00f3 que la dictadura comunista de Daniel Ortega le roba los recursos naturales, los bosques, minas de oro, lo cual tiene que ser parado.<\/p>\n\n\n\n<p>Un proyecto de ley fue presentado por el republicano Ardian Zika, el cual creara una videoteca que recoja los testimonios de personas reales que han sufrido los embates del comunismo y lo cual ser\u00eda incorporado en la educaci\u00f3n c\u00edvica de los alumnos en las escuelas p\u00fablicas del estado de la Florida.<\/p>\n\n\n\n<figure class=\"wp-block-embed is-type-rich is-provider-youtube wp-block-embed-youtube wp-embed-aspect-16-9 wp-has-aspect-ratio\"><div class=\"wp-block-embed__wrapper\">\n<iframe loading=\"lazy\" title=\"Victims of Communism Press Conference - Speaker Sprowls Remarks\" width=\"640\" height=\"360\" src=\"https:\/\/www.youtube.com\/embed\/SjjxgHqpmAQ?feature=oembed\" frameborder=\"0\" allow=\"accelerometer; autoplay; clipboard-write; encrypted-media; gyroscope; picture-in-picture; web-share\" referrerpolicy=\"strict-origin-when-cross-origin\" allowfullscreen><\/iframe>\n<\/div><figcaption>Rese\u00f1as del Portavoz Sprowls<\/figcaption><\/figure>\n","protected":false},"excerpt":{"rendered":"<p>TALLAHASSEE, FL.- Un nutrido grupo de victimas del comunismo se re\u00fane en Tallahassee, FL., para apoyar las iniciativas legislativas para establecer el \u201cD\u00eda Conmemorativo de las V\u00edctimas del Comunismo\u201d en la Florida. Entre los presentes se encontraban exiliados de Cuba, Venezuela y Nicaragua. Los dos proyectos de ley establecer\u00edan el 7 de noviembre como el [&hellip;]<\/p>\n","protected":false},"author":1,"featured_media":0,"comment_status":"open","ping_status":"open","sticky":false,"template":"","format":"standard","meta":{"footnotes":""},"categories":[7,8,2,3,4],"tags":[],"class_list":["post-707","post","type-post","status-publish","format-standard","hentry","category-cuba","category-nicaragua_esp","category-todos-los-temas","category-usa","category-venezuela"],"aioseo_notices":[],"featured_image_urls":{"full":"","thumbnail":"","medium":"","medium_large":"","large":"","1536x1536":"","2048x2048":"","ogma-news-block-medium":"","ogma-news-banner":""},"author_info":{"display_name":"elcubanoamericano.com","author_link":"https:\/\/elcubanoamericano.com\/index.php\/author\/elcubanoamericano-com\/"},"category_info":"<a href=\"https:\/\/elcubanoamericano.com\/index.php\/category\/todos-los-temas\/cuba\/\" rel=\"category tag\">CUBA<\/a> <a href=\"https:\/\/elcubanoamericano.com\/index.php\/category\/todos-los-temas\/nicaragua_esp\/\" rel=\"category tag\">NICARAGUA<\/a> <a href=\"https:\/\/elcubanoamericano.com\/index.php\/category\/todos-los-temas\/\" rel=\"category tag\">TODOS LOS TEMAS<\/a> <a href=\"https:\/\/elcubanoamericano.com\/index.php\/category\/todos-los-temas\/usa\/\" rel=\"category tag\">USA<\/a> <a href=\"https:\/\/elcubanoamericano.com\/index.php\/category\/todos-los-temas\/venezuela\/\" rel=\"category tag\">VENEZUELA<\/a>","tag_info":"VENEZUELA","comment_count":"0","_links":{"self":[{"href":"https:\/\/elcubanoamericano.com\/index.php\/wp-json\/wp\/v2\/posts\/707","targetHints":{"allow":["GET"]}}],"collection":[{"href":"https:\/\/elcubanoamericano.com\/index.php\/wp-json\/wp\/v2\/posts"}],"about":[{"href":"https:\/\/elcubanoamericano.com\/index.php\/wp-json\/wp\/v2\/types\/post"}],"author":[{"embeddable":true,"href":"https:\/\/elcubanoamericano.com\/index.php\/wp-json\/wp\/v2\/users\/1"}],"replies":[{"embeddable":true,"href":"https:\/\/elcubanoamericano.com\/index.php\/wp-json\/wp\/v2\/comments?post=707"}],"version-history":[{"count":0,"href":"https:\/\/elcubanoamericano.com\/index.php\/wp-json\/wp\/v2\/posts\/707\/revisions"}],"wp:attachment":[{"href":"https:\/\/elcubanoamericano.com\/index.php\/wp-json\/wp\/v2\/media?parent=707"}],"wp:term":[{"taxonomy":"category","embeddable":true,"href":"https:\/\/elcubanoamericano.com\/index.php\/wp-json\/wp\/v2\/categories?post=707"},{"taxonomy":"post_tag","embeddable":true,"href":"https:\/\/elcubanoamericano.com\/index.php\/wp-json\/wp\/v2\/tags?post=707"}],"curies":[{"name":"wp","href":"https:\/\/api.w.org\/{rel}","templated":true}]}}